{"id":2879,"date":"2026-03-10T16:15:31","date_gmt":"2026-03-10T15:15:31","guid":{"rendered":"https:\/\/www.leuag.ch\/?p=2879"},"modified":"2026-03-16T16:21:34","modified_gmt":"2026-03-16T15:21:34","slug":"wintersporttag-in-muerren-schilthorn","status":"publish","type":"post","link":"https:\/\/www.leuag.ch\/fr\/2026\/03\/10\/wintersporttag-in-muerren-schilthorn\/","title":{"rendered":"Journ\u00e9e des sports d'hiver \u00e0 M\u00fcrren-Schilthorn"},"content":{"rendered":"<p>L'\u00e9quipe Leuag a pass\u00e9 ensemble une journ\u00e9e de sports d'hiver tr\u00e8s r\u00e9ussie dans le domaine skiable de M\u00fcrren\u2013Schilthorn. M\u00eame si le temps \u00e9tait mitig\u00e9 l'apr\u00e8s-midi, le panorama montagneux impressionnant a tout de m\u00eame offert une exp\u00e9rience inoubliable.<\/p>\n\n\n\n<div style=\"height:19px\" aria-hidden=\"true\" class=\"wp-block-spacer\"><\/div>\n\n\n\n<figure class=\"wp-block-image size-large\"><img loading=\"lazy\" decoding=\"async\" width=\"1024\" height=\"768\" src=\"https:\/\/www.leuag.ch\/wp-content\/uploads\/2026\/03\/2026-03-10_LeuagSki-14-1024x768.jpg\" alt=\"\" class=\"wp-image-2880\" srcset=\"https:\/\/www.leuag.ch\/wp-content\/uploads\/2026\/03\/2026-03-10_LeuagSki-14-1024x768.jpg 1024w, https:\/\/www.leuag.ch\/wp-content\/uploads\/2026\/03\/2026-03-10_LeuagSki-14-300x225.jpg 300w, https:\/\/www.leuag.ch\/wp-content\/uploads\/2026\/03\/2026-03-10_LeuagSki-14-768x576.jpg 768w, https:\/\/www.leuag.ch\/wp-content\/uploads\/2026\/03\/2026-03-10_LeuagSki-14-1536x1152.jpg 1536w, https:\/\/www.leuag.ch\/wp-content\/uploads\/2026\/03\/2026-03-10_LeuagSki-14-2048x1536.jpg 2048w, https:\/\/www.leuag.ch\/wp-content\/uploads\/2026\/03\/2026-03-10_LeuagSki-14-16x12.jpg 16w\" sizes=\"auto, (max-width: 1024px) 100vw, 1024px\" \/><\/figure>","protected":false},"excerpt":{"rendered":"<p>L'\u00e9quipe Leuag a pass\u00e9 ensemble une journ\u00e9e de sports d'hiver tr\u00e8s r\u00e9ussie dans le domaine skiable de M\u00fcrren\u2013Schilthorn. M\u00eame si le temps \u00e9tait mitig\u00e9 l'apr\u00e8s-midi, le panorama montagneux impressionnant a tout de m\u00eame offert une exp\u00e9rience inoubliable.<\/p>","protected":false},"author":2,"featured_media":2880,"comment_status":"closed","ping_status":"open","sticky":false,"template":"","format":"standard","meta":{"inline_featured_image":false,"footnotes":""},"categories":[1],"tags":[],"class_list":["post-2879","post","type-post","status-publish","format-standard","has-post-thumbnail","hentry","category-neuigkeiten"],"yoast_head":"<!-- This site is optimized with the Yoast SEO plugin v26.6 - https:\/\/yoast.com\/wordpress\/plugins\/seo\/ -->\n<title>Wintersporttag in M\u00fcrren-Schilthorn - Leuag AG<\/title>\n<meta name=\"robots\" content=\"index, follow, max-snippet:-1, max-image-preview:large, max-video-preview:-1\" \/>\n<link rel=\"canonical\" href=\"https:\/\/www.leuag.ch\/fr\/2026\/03\/10\/wintersporttag-in-muerren-schilthorn\/\" \/>\n<meta property=\"og:locale\" content=\"fr_FR\" \/>\n<meta property=\"og:type\" content=\"article\" \/>\n<meta property=\"og:title\" content=\"Wintersporttag in M\u00fcrren-Schilthorn - Leuag AG\" \/>\n<meta property=\"og:description\" content=\"Gemeinsam verbrachte das Leuag Team einen gelungenen Wintersporttag im Skigebiet M\u00fcrren\u2013Schilthorn. Auch bei durchzogenen Bedingungen am Nachmittag blieb die eindr\u00fcckliche Bergkulisse ein besonderes Erlebnis.\" \/>\n<meta property=\"og:url\" content=\"https:\/\/www.leuag.ch\/fr\/2026\/03\/10\/wintersporttag-in-muerren-schilthorn\/\" \/>\n<meta property=\"og:site_name\" content=\"Leuag AG\" \/>\n<meta property=\"article:published_time\" content=\"2026-03-10T15:15:31+00:00\" \/>\n<meta property=\"article:modified_time\" content=\"2026-03-16T15:21:34+00:00\" \/>\n<meta property=\"og:image\" content=\"https:\/\/www.leuag.ch\/wp-content\/uploads\/2026\/03\/2026-03-10_LeuagSki-14-scaled.jpg\" \/>\n\t<meta property=\"og:image:width\" content=\"2560\" \/>\n\t<meta property=\"og:image:height\" content=\"1920\" \/>\n\t<meta property=\"og:image:type\" content=\"image\/jpeg\" \/>\n<meta name=\"author\" content=\"lukas\" \/>\n<meta name=\"twitter:card\" content=\"summary_large_image\" \/>\n<meta name=\"twitter:label1\" content=\"\u00c9crit par\" \/>\n\t<meta name=\"twitter:data1\" content=\"lukas\" \/>\n\t<meta name=\"twitter:label2\" content=\"Dur\u00e9e de lecture estim\u00e9e\" \/>\n\t<meta name=\"twitter:data2\" content=\"1 minute\" \/>\n<script type=\"application\/ld+json\" class=\"yoast-schema-graph\">{\"@context\":\"https:\/\/schema.org\",\"@graph\":[{\"@type\":\"Article\",\"@id\":\"https:\/\/www.leuag.ch\/2026\/03\/10\/wintersporttag-in-muerren-schilthorn\/#article\",\"isPartOf\":{\"@id\":\"https:\/\/www.leuag.ch\/2026\/03\/10\/wintersporttag-in-muerren-schilthorn\/\"},\"author\":{\"name\":\"lukas\",\"@id\":\"https:\/\/www.leuag.ch\/#\/schema\/person\/771321641a6126da4a42ee8daf501e75\"},\"headline\":\"Wintersporttag in M\u00fcrren-Schilthorn\",\"datePublished\":\"2026-03-10T15:15:31+00:00\",\"dateModified\":\"2026-03-16T15:21:34+00:00\",\"mainEntityOfPage\":{\"@id\":\"https:\/\/www.leuag.ch\/2026\/03\/10\/wintersporttag-in-muerren-schilthorn\/\"},\"wordCount\":31,\"publisher\":{\"@id\":\"https:\/\/www.leuag.ch\/#organization\"},\"image\":{\"@id\":\"https:\/\/www.leuag.ch\/2026\/03\/10\/wintersporttag-in-muerren-schilthorn\/#primaryimage\"},\"thumbnailUrl\":\"https:\/\/www.leuag.ch\/wp-content\/uploads\/2026\/03\/2026-03-10_LeuagSki-14-scaled.jpg\",\"articleSection\":[\"Neuigkeiten\"],\"inLanguage\":\"fr-FR\"},{\"@type\":\"WebPage\",\"@id\":\"https:\/\/www.leuag.ch\/2026\/03\/10\/wintersporttag-in-muerren-schilthorn\/\",\"url\":\"https:\/\/www.leuag.ch\/2026\/03\/10\/wintersporttag-in-muerren-schilthorn\/\",\"name\":\"Wintersporttag in M\u00fcrren-Schilthorn - Leuag AG\",\"isPartOf\":{\"@id\":\"https:\/\/www.leuag.ch\/#website\"},\"primaryImageOfPage\":{\"@id\":\"https:\/\/www.leuag.ch\/2026\/03\/10\/wintersporttag-in-muerren-schilthorn\/#primaryimage\"},\"image\":{\"@id\":\"https:\/\/www.leuag.ch\/2026\/03\/10\/wintersporttag-in-muerren-schilthorn\/#primaryimage\"},\"thumbnailUrl\":\"https:\/\/www.leuag.ch\/wp-content\/uploads\/2026\/03\/2026-03-10_LeuagSki-14-scaled.jpg\",\"datePublished\":\"2026-03-10T15:15:31+00:00\",\"dateModified\":\"2026-03-16T15:21:34+00:00\",\"breadcrumb\":{\"@id\":\"https:\/\/www.leuag.ch\/2026\/03\/10\/wintersporttag-in-muerren-schilthorn\/#breadcrumb\"},\"inLanguage\":\"fr-FR\",\"potentialAction\":[{\"@type\":\"ReadAction\",\"target\":[\"https:\/\/www.leuag.ch\/2026\/03\/10\/wintersporttag-in-muerren-schilthorn\/\"]}]},{\"@type\":\"ImageObject\",\"inLanguage\":\"fr-FR\",\"@id\":\"https:\/\/www.leuag.ch\/2026\/03\/10\/wintersporttag-in-muerren-schilthorn\/#primaryimage\",\"url\":\"https:\/\/www.leuag.ch\/wp-content\/uploads\/2026\/03\/2026-03-10_LeuagSki-14-scaled.jpg\",\"contentUrl\":\"https:\/\/www.leuag.ch\/wp-content\/uploads\/2026\/03\/2026-03-10_LeuagSki-14-scaled.jpg\",\"width\":2560,\"height\":1920},{\"@type\":\"BreadcrumbList\",\"@id\":\"https:\/\/www.leuag.ch\/2026\/03\/10\/wintersporttag-in-muerren-schilthorn\/#breadcrumb\",\"itemListElement\":[{\"@type\":\"ListItem\",\"position\":1,\"name\":\"Leuag\",\"item\":\"https:\/\/www.leuag.ch\/\"},{\"@type\":\"ListItem\",\"position\":2,\"name\":\"Wintersporttag in M\u00fcrren-Schilthorn\"}]},{\"@type\":\"WebSite\",\"@id\":\"https:\/\/www.leuag.ch\/#website\",\"url\":\"https:\/\/www.leuag.ch\/\",\"name\":\"Leuag AG\",\"description\":\"\",\"publisher\":{\"@id\":\"https:\/\/www.leuag.ch\/#organization\"},\"potentialAction\":[{\"@type\":\"SearchAction\",\"target\":{\"@type\":\"EntryPoint\",\"urlTemplate\":\"https:\/\/www.leuag.ch\/?s={search_term_string}\"},\"query-input\":{\"@type\":\"PropertyValueSpecification\",\"valueRequired\":true,\"valueName\":\"search_term_string\"}}],\"inLanguage\":\"fr-FR\"},{\"@type\":\"Organization\",\"@id\":\"https:\/\/www.leuag.ch\/#organization\",\"name\":\"Leuag AG\",\"url\":\"https:\/\/www.leuag.ch\/\",\"logo\":{\"@type\":\"ImageObject\",\"inLanguage\":\"fr-FR\",\"@id\":\"https:\/\/www.leuag.ch\/#\/schema\/logo\/image\/\",\"url\":\"https:\/\/www.leuag.ch\/wp-content\/uploads\/2025\/06\/leuag-logo.svg\",\"contentUrl\":\"https:\/\/www.leuag.ch\/wp-content\/uploads\/2025\/06\/leuag-logo.svg\",\"width\":565,\"height\":272,\"caption\":\"Leuag AG\"},\"image\":{\"@id\":\"https:\/\/www.leuag.ch\/#\/schema\/logo\/image\/\"}},{\"@type\":\"Person\",\"@id\":\"https:\/\/www.leuag.ch\/#\/schema\/person\/771321641a6126da4a42ee8daf501e75\",\"name\":\"lukas\",\"image\":{\"@type\":\"ImageObject\",\"inLanguage\":\"fr-FR\",\"@id\":\"https:\/\/www.leuag.ch\/#\/schema\/person\/image\/\",\"url\":\"https:\/\/secure.gravatar.com\/avatar\/3ad664439c8d739f007918afcb8020855cfa76cc355f5ca9e164cd9b8faf05fc?s=96&d=mm&r=g\",\"contentUrl\":\"https:\/\/secure.gravatar.com\/avatar\/3ad664439c8d739f007918afcb8020855cfa76cc355f5ca9e164cd9b8faf05fc?s=96&d=mm&r=g\",\"caption\":\"lukas\"},\"url\":\"https:\/\/www.leuag.ch\/fr\/author\/lukas\/\"}]}<\/script>\n<!-- \/ Yoast SEO plugin. -->","yoast_head_json":{"title":"Wintersporttag in M\u00fcrren-Schilthorn - Leuag AG","robots":{"index":"index","follow":"follow","max-snippet":"max-snippet:-1","max-image-preview":"max-image-preview:large","max-video-preview":"max-video-preview:-1"},"canonical":"https:\/\/www.leuag.ch\/fr\/2026\/03\/10\/wintersporttag-in-muerren-schilthorn\/","og_locale":"fr_FR","og_type":"article","og_title":"Wintersporttag in M\u00fcrren-Schilthorn - Leuag AG","og_description":"Gemeinsam verbrachte das Leuag Team einen gelungenen Wintersporttag im Skigebiet M\u00fcrren\u2013Schilthorn. Auch bei durchzogenen Bedingungen am Nachmittag blieb die eindr\u00fcckliche Bergkulisse ein besonderes Erlebnis.","og_url":"https:\/\/www.leuag.ch\/fr\/2026\/03\/10\/wintersporttag-in-muerren-schilthorn\/","og_site_name":"Leuag AG","article_published_time":"2026-03-10T15:15:31+00:00","article_modified_time":"2026-03-16T15:21:34+00:00","og_image":[{"width":2560,"height":1920,"url":"https:\/\/www.leuag.ch\/wp-content\/uploads\/2026\/03\/2026-03-10_LeuagSki-14-scaled.jpg","type":"image\/jpeg"}],"author":"lukas","twitter_card":"summary_large_image","twitter_misc":{"\u00c9crit par":"lukas","Dur\u00e9e de lecture estim\u00e9e":"1 minute"},"schema":{"@context":"https:\/\/schema.org","@graph":[{"@type":"Article","@id":"https:\/\/www.leuag.ch\/2026\/03\/10\/wintersporttag-in-muerren-schilthorn\/#article","isPartOf":{"@id":"https:\/\/www.leuag.ch\/2026\/03\/10\/wintersporttag-in-muerren-schilthorn\/"},"author":{"name":"lukas","@id":"https:\/\/www.leuag.ch\/#\/schema\/person\/771321641a6126da4a42ee8daf501e75"},"headline":"Wintersporttag in M\u00fcrren-Schilthorn","datePublished":"2026-03-10T15:15:31+00:00","dateModified":"2026-03-16T15:21:34+00:00","mainEntityOfPage":{"@id":"https:\/\/www.leuag.ch\/2026\/03\/10\/wintersporttag-in-muerren-schilthorn\/"},"wordCount":31,"publisher":{"@id":"https:\/\/www.leuag.ch\/#organization"},"image":{"@id":"https:\/\/www.leuag.ch\/2026\/03\/10\/wintersporttag-in-muerren-schilthorn\/#primaryimage"},"thumbnailUrl":"https:\/\/www.leuag.ch\/wp-content\/uploads\/2026\/03\/2026-03-10_LeuagSki-14-scaled.jpg","articleSection":["Neuigkeiten"],"inLanguage":"fr-FR"},{"@type":"WebPage","@id":"https:\/\/www.leuag.ch\/2026\/03\/10\/wintersporttag-in-muerren-schilthorn\/","url":"https:\/\/www.leuag.ch\/2026\/03\/10\/wintersporttag-in-muerren-schilthorn\/","name":"Wintersporttag in M\u00fcrren-Schilthorn - Leuag AG","isPartOf":{"@id":"https:\/\/www.leuag.ch\/#website"},"primaryImageOfPage":{"@id":"https:\/\/www.leuag.ch\/2026\/03\/10\/wintersporttag-in-muerren-schilthorn\/#primaryimage"},"image":{"@id":"https:\/\/www.leuag.ch\/2026\/03\/10\/wintersporttag-in-muerren-schilthorn\/#primaryimage"},"thumbnailUrl":"https:\/\/www.leuag.ch\/wp-content\/uploads\/2026\/03\/2026-03-10_LeuagSki-14-scaled.jpg","datePublished":"2026-03-10T15:15:31+00:00","dateModified":"2026-03-16T15:21:34+00:00","breadcrumb":{"@id":"https:\/\/www.leuag.ch\/2026\/03\/10\/wintersporttag-in-muerren-schilthorn\/#breadcrumb"},"inLanguage":"fr-FR","potentialAction":[{"@type":"ReadAction","target":["https:\/\/www.leuag.ch\/2026\/03\/10\/wintersporttag-in-muerren-schilthorn\/"]}]},{"@type":"ImageObject","inLanguage":"fr-FR","@id":"https:\/\/www.leuag.ch\/2026\/03\/10\/wintersporttag-in-muerren-schilthorn\/#primaryimage","url":"https:\/\/www.leuag.ch\/wp-content\/uploads\/2026\/03\/2026-03-10_LeuagSki-14-scaled.jpg","contentUrl":"https:\/\/www.leuag.ch\/wp-content\/uploads\/2026\/03\/2026-03-10_LeuagSki-14-scaled.jpg","width":2560,"height":1920},{"@type":"BreadcrumbList","@id":"https:\/\/www.leuag.ch\/2026\/03\/10\/wintersporttag-in-muerren-schilthorn\/#breadcrumb","itemListElement":[{"@type":"ListItem","position":1,"name":"Leuag","item":"https:\/\/www.leuag.ch\/"},{"@type":"ListItem","position":2,"name":"Wintersporttag in M\u00fcrren-Schilthorn"}]},{"@type":"WebSite","@id":"https:\/\/www.leuag.ch\/#website","url":"https:\/\/www.leuag.ch\/","name":"Leuag SA","description":"","publisher":{"@id":"https:\/\/www.leuag.ch\/#organization"},"potentialAction":[{"@type":"SearchAction","target":{"@type":"EntryPoint","urlTemplate":"https:\/\/www.leuag.ch\/?s={search_term_string}"},"query-input":{"@type":"PropertyValueSpecification","valueRequired":true,"valueName":"search_term_string"}}],"inLanguage":"fr-FR"},{"@type":"Organization","@id":"https:\/\/www.leuag.ch\/#organization","name":"Leuag SA","url":"https:\/\/www.leuag.ch\/","logo":{"@type":"ImageObject","inLanguage":"fr-FR","@id":"https:\/\/www.leuag.ch\/#\/schema\/logo\/image\/","url":"https:\/\/www.leuag.ch\/wp-content\/uploads\/2025\/06\/leuag-logo.svg","contentUrl":"https:\/\/www.leuag.ch\/wp-content\/uploads\/2025\/06\/leuag-logo.svg","width":565,"height":272,"caption":"Leuag AG"},"image":{"@id":"https:\/\/www.leuag.ch\/#\/schema\/logo\/image\/"}},{"@type":"Person","@id":"https:\/\/www.leuag.ch\/#\/schema\/person\/771321641a6126da4a42ee8daf501e75","name":"lukas","image":{"@type":"ImageObject","inLanguage":"fr-FR","@id":"https:\/\/www.leuag.ch\/#\/schema\/person\/image\/","url":"https:\/\/secure.gravatar.com\/avatar\/3ad664439c8d739f007918afcb8020855cfa76cc355f5ca9e164cd9b8faf05fc?s=96&d=mm&r=g","contentUrl":"https:\/\/secure.gravatar.com\/avatar\/3ad664439c8d739f007918afcb8020855cfa76cc355f5ca9e164cd9b8faf05fc?s=96&d=mm&r=g","caption":"lukas"},"url":"https:\/\/www.leuag.ch\/fr\/author\/lukas\/"}]}},"_links":{"self":[{"href":"https:\/\/www.leuag.ch\/fr\/wp-json\/wp\/v2\/posts\/2879","targetHints":{"allow":["GET"]}}],"collection":[{"href":"https:\/\/www.leuag.ch\/fr\/wp-json\/wp\/v2\/posts"}],"about":[{"href":"https:\/\/www.leuag.ch\/fr\/wp-json\/wp\/v2\/types\/post"}],"author":[{"embeddable":true,"href":"https:\/\/www.leuag.ch\/fr\/wp-json\/wp\/v2\/users\/2"}],"replies":[{"embeddable":true,"href":"https:\/\/www.leuag.ch\/fr\/wp-json\/wp\/v2\/comments?post=2879"}],"version-history":[{"count":3,"href":"https:\/\/www.leuag.ch\/fr\/wp-json\/wp\/v2\/posts\/2879\/revisions"}],"predecessor-version":[{"id":2883,"href":"https:\/\/www.leuag.ch\/fr\/wp-json\/wp\/v2\/posts\/2879\/revisions\/2883"}],"wp:featuredmedia":[{"embeddable":true,"href":"https:\/\/www.leuag.ch\/fr\/wp-json\/wp\/v2\/media\/2880"}],"wp:attachment":[{"href":"https:\/\/www.leuag.ch\/fr\/wp-json\/wp\/v2\/media?parent=2879"}],"wp:term":[{"taxonomy":"category","embeddable":true,"href":"https:\/\/www.leuag.ch\/fr\/wp-json\/wp\/v2\/categories?post=2879"},{"taxonomy":"post_tag","embeddable":true,"href":"https:\/\/www.leuag.ch\/fr\/wp-json\/wp\/v2\/tags?post=2879"}],"curies":[{"name":"wp","href":"https:\/\/api.w.org\/{rel}","templated":true}]}}